{"id":17416,"date":"2026-08-30T21:48:57","date_gmt":"2026-08-31T03:48:57","guid":{"rendered":"https:\/\/equimedsv.com\/caso-lesion-medular-cuidados-movilidad\/"},"modified":"2026-08-30T21:48:57","modified_gmt":"2026-08-31T03:48:57","slug":"caso-lesion-medular-cuidados-movilidad","status":"publish","type":"post","link":"https:\/\/equimedsv.com\/en\/caso-lesion-medular-cuidados-movilidad\/","title":{"rendered":"Caso de lesi\u00f3n medular: cuidados y movilidad"},"content":{"rendered":"<p>Ante un <strong>caso de lesi\u00f3n medular<\/strong>, la necesidad no se limita a conseguir una silla de ruedas. Cada decisi\u00f3n diaria &#8211; c\u00f3mo trasladarse de la cama a la silla, c\u00f3mo evitar una lesi\u00f3n por presi\u00f3n o c\u00f3mo adaptar el ba\u00f1o &#8211; influye directamente en la seguridad, la autonom\u00eda y la calidad de vida de la persona.<\/p>\n<p>La lesi\u00f3n medular puede producirse por un traumatismo, una ca\u00edda, un accidente de tr\u00e1fico, una enfermedad o una intervenci\u00f3n m\u00e9dica, entre otras causas. Sus efectos var\u00edan seg\u00fan la zona de la m\u00e9dula afectada y el grado de lesi\u00f3n. Por eso, dos personas con el mismo diagn\u00f3stico pueden requerir apoyos completamente distintos. El equipo adecuado debe responder a una valoraci\u00f3n cl\u00ednica y a la realidad del domicilio, no solo al precio o a la disponibilidad inmediata.<\/p>\n<h2>Qu\u00e9 valorar en un caso de lesi\u00f3n medular<\/h2>\n<p>El primer paso es entender qu\u00e9 movimientos conserva la persona, cu\u00e1l es su nivel de equilibrio, si puede realizar transferencias con ayuda o de forma independiente y cu\u00e1nto tiempo permanecer\u00e1 sentada. El fisioterapeuta, terapeuta ocupacional o m\u00e9dico rehabilitador debe orientar este proceso, especialmente durante las primeras semanas tras el alta hospitalaria.<\/p>\n<p>Tambi\u00e9n conviene revisar el entorno. Una silla que funciona bien en un pasillo amplio puede resultar poco pr\u00e1ctica en una vivienda con puertas estrechas, desniveles o ba\u00f1os reducidos. Medir los accesos antes de comprar evita cambios innecesarios y ayuda a escoger medidas adecuadas.<\/p>\n<p>La elecci\u00f3n del equipo depende, adem\u00e1s, de si se utilizar\u00e1 solo dentro de casa, para acudir a consultas o para desplazamientos frecuentes fuera del domicilio. En algunos casos conviene priorizar una silla ligera y plegable; en otros, una estructura m\u00e1s estable, con mayor soporte postural y opciones de ajuste.<\/p>\n<h2>Movilidad: elegir una silla de ruedas con criterio<\/h2>\n<p>La <a href=\"https:\/\/equimedsv.com\/en\/product-category\/movilidad\/sillas-de-ruedas\/\">silla de ruedas<\/a> es una herramienta de movilidad, pero tambi\u00e9n de postura y prevenci\u00f3n. Una talla incorrecta puede generar rozaduras, mala alineaci\u00f3n, dolor en hombros o dificultad para impulsarse. No basta con que la persona quepa en el asiento: hay que comprobar anchura, profundidad, altura, respaldo, reposapi\u00e9s y apoyabrazos.<\/p>\n<p>Para una persona con buen control de tronco y fuerza en los brazos, una silla manual puede favorecer la autonom\u00eda en trayectos cortos y medios. Su peso y facilidad de transporte suelen ser ventajas claras. Sin embargo, impulsarla de forma repetida exige esfuerzo en hombros, mu\u00f1ecas y manos. Si hay debilidad, dolor o necesidad de recorridos largos, una silla el\u00e9ctrica puede ser m\u00e1s adecuada, siempre que el entorno permita cargarla, guardarla y maniobrar con seguridad.<\/p>\n<p>Los reposapi\u00e9s deben mantener una posici\u00f3n c\u00f3moda, sin arrastrar en el suelo ni dejar las piernas sin apoyo. El respaldo y los soportes laterales cobran m\u00e1s relevancia cuando existe poco control del tronco. En lesiones cervicales o con gran dependencia, puede ser necesario a\u00f1adir reposacabezas, cinturones p\u00e9lvicos o sistemas posturales prescritos por rehabilitaci\u00f3n.<\/p>\n<p>Un coj\u00edn antiescaras no es un accesorio secundario. Reduce la presi\u00f3n continuada sobre zonas de riesgo como el sacro, los gl\u00fateos y los talones. Hay distintos materiales y dise\u00f1os: espuma de alta densidad, aire, gel o combinaciones. La opci\u00f3n correcta depende de la sensibilidad, el riesgo de \u00falcera por presi\u00f3n, la postura y el tiempo de sedestaci\u00f3n. Un coj\u00edn mal ajustado puede ser tan problem\u00e1tico como no usarlo.<\/p>\n<h3>Transferencias sin improvisar<\/h3>\n<p>Pasar de la cama a la silla, del inodoro a la silla o al asiento del coche es uno de los momentos con mayor riesgo de ca\u00edda y sobrecarga para el cuidador. La t\u00e9cnica debe ense\u00f1arla un profesional, ya que cambia seg\u00fan el nivel de lesi\u00f3n y la capacidad funcional de la persona.<\/p>\n<p>En determinados casos, una tabla de transferencia facilita el desplazamiento lateral entre superficies de altura similar. Cuando la persona no puede colaborar de forma suficiente o el cuidador realiza un esfuerzo excesivo, una <a href=\"https:\/\/equimedsv.com\/en\/product-category\/movilidad\/\">gr\u00faa de traslado<\/a> puede aportar seguridad y reducir lesiones de espalda. No es una soluci\u00f3n universal: requiere espacio, un arn\u00e9s compatible y formaci\u00f3n para utilizarla correctamente.<\/p>\n<h2>Cama hospitalaria y prevenci\u00f3n de lesiones por presi\u00f3n<\/h2>\n<p>El descanso y los cambios posturales forman parte del tratamiento diario. Una <a href=\"https:\/\/equimedsv.com\/en\/product-category\/hospitalario\/camas\/\">cama hospitalaria articulada<\/a> permite elevar el respaldo o las piernas, realizar cuidados con mayor comodidad y facilitar algunas transferencias. Para personas que pasan muchas horas en cama o necesitan asistencia frecuente, tambi\u00e9n mejora la ergonom\u00eda del cuidador.<\/p>\n<p>El colch\u00f3n debe elegirse seg\u00fan el riesgo de \u00falcera por presi\u00f3n, el peso del usuario, la movilidad residual y la recomendaci\u00f3n cl\u00ednica. Un colch\u00f3n antiescaras puede distribuir mejor la presi\u00f3n, pero no sustituye la revisi\u00f3n diaria de la piel ni los cambios de postura pautados por el equipo sanitario.<\/p>\n<p>Hay que prestar atenci\u00f3n a enrojecimientos persistentes, heridas, zonas calientes, ampollas o dolor inusual. Si aparece una lesi\u00f3n en la piel, conviene consultar sin demora. Esperar a que una peque\u00f1a marca desaparezca por s\u00ed sola puede complicar la recuperaci\u00f3n y aumentar el tiempo de inmovilidad.<\/p>\n<h2>Adaptar el ba\u00f1o y las rutinas de higiene<\/h2>\n<p>El ba\u00f1o concentra muchos riesgos porque combina suelos h\u00famedos, espacios estrechos y transferencias frecuentes. Una silla de ducha o silla con inodoro puede facilitar la higiene y reducir desplazamientos innecesarios. Debe ofrecer estabilidad, materiales resistentes a la humedad y medidas compatibles con el espacio disponible.<\/p>\n<p>Las barras de apoyo ayudan cuando la persona conserva capacidad para ponerse de pie o realizar una transferencia asistida. Deben fijarse correctamente a una superficie resistente. Los accesorios de ventosa pueden ser \u00fatiles como apoyo puntual, pero no deben asumirse como una soluci\u00f3n de carga para todos los casos.<\/p>\n<p>La intimidad tambi\u00e9n forma parte del cuidado. Un equipo que permite a la persona participar en su aseo o ir al ba\u00f1o con menos ayuda puede mejorar su confianza y disminuir la carga f\u00edsica y emocional de la familia.<\/p>\n<h2>El cuidador tambi\u00e9n necesita un plan<\/h2>\n<p>En un caso de lesi\u00f3n medular, el cuidado sostenible depende de que el entorno funcione para todos. Un familiar no deber\u00eda cargar el peso de una persona sin ayuda t\u00e9cnica ni t\u00e9cnica de movilizaci\u00f3n. El esfuerzo repetido puede provocar lesiones lumbares, ca\u00eddas y agotamiento, incluso cuando existe buena voluntad.<\/p>\n<p>Antes de equipar el domicilio, resulta \u00fatil responder a estas preguntas:<\/p>\n<ul>\n<li>\u00bfLa persona puede girarse en la cama, incorporarse o mantener el equilibrio sentada?<\/li>\n<li>\u00bfCu\u00e1ntas transferencias realiza al d\u00eda y qui\u00e9n las acompa\u00f1a?<\/li>\n<li>\u00bfQu\u00e9 puertas, pasillos, rampas y ba\u00f1os debe recorrer?<\/li>\n<li>\u00bfD\u00f3nde se guardar\u00e1, cargar\u00e1 o transportar\u00e1 la silla de ruedas?<\/li>\n<li>\u00bfQu\u00e9 mantenimiento, repuestos o ajustes puede necesitar el equipo?<\/li>\n<\/ul>\n<p>Estas respuestas permiten priorizar. En ocasiones, la compra m\u00e1s \u00fatil es una cama articulada y un colch\u00f3n adecuado; en otras, una silla de ruedas correctamente configurada, una gr\u00faa o una soluci\u00f3n de ba\u00f1o segura. Comprar varios productos sin una valoraci\u00f3n previa puede ocupar espacio y no resolver la necesidad principal.<\/p>\n<h2>Seguimiento, ajustes y soporte t\u00e9cnico<\/h2>\n<p>Las necesidades no permanecen siempre iguales. Durante la rehabilitaci\u00f3n puede mejorar la fuerza, cambiar el peso corporal, aparecer dolor de hombro o modificarse la rutina de trabajo y estudio. Revisar peri\u00f3dicamente el estado de la silla, los frenos, las ruedas, los reposapi\u00e9s y el coj\u00edn ayuda a conservar la seguridad.<\/p>\n<p>La disponibilidad de repuestos y reparaci\u00f3n es especialmente relevante en equipos de uso diario. Una rueda desajustada, un freno desgastado o una bater\u00eda con problemas pueden limitar la movilidad de forma inmediata. Elegir un proveedor con asesoramiento, garant\u00eda y capacidad t\u00e9cnica local reduce interrupciones y evita que un equipo esencial quede fuera de uso durante demasiado tiempo.<\/p>\n<p>En El Salvador, EQUIMEDSV ofrece venta y reparaci\u00f3n de equipo m\u00e9dico, rehabilitaci\u00f3n y cuidado en casa, con atenci\u00f3n para valorar opciones seg\u00fan el uso, el espacio y las necesidades de movilidad. Antes de comprar, conviene solicitar medidas, caracter\u00edsticas t\u00e9cnicas y recomendaciones de mantenimiento por escrito.<\/p>\n<p>Una buena adaptaci\u00f3n no se mide por la cantidad de equipos en casa, sino por las actividades que la persona puede realizar con mayor seguridad. Empezar por la necesidad m\u00e1s urgente, apoyarse en rehabilitaci\u00f3n y elegir productos que puedan mantenerse en buen estado convierte el cuidado diario en una rutina m\u00e1s digna, pr\u00e1ctica y llevadera.<\/p>","protected":false},"excerpt":{"rendered":"<p>Ante un caso de lesi\u00f3n medular, elegir bien el equipo de movilidad y cuidado en casa ayuda a prevenir riesgos y a mejorar la autonom\u00eda diaria en casa.<\/p>","protected":false},"author":1,"featured_media":17417,"comment_status":"open","ping_status":"open","sticky":false,"template":"","format":"standard","meta":{"footnotes":""},"categories":[164],"tags":[],"class_list":["post-17416","post","type-post","status-publish","format-standard","has-post-thumbnail","hentry","category-blog"],"yoast_head":"<!-- This site is optimized with the Yoast SEO plugin v27.6 - https:\/\/yoast.com\/product\/yoast-seo-wordpress\/ -->\n<title>Caso de lesi\u00f3n medular: cuidados y movilidad - Equimed El Salvador<\/title>\n<meta name=\"description\" content=\"Ante un caso de lesi\u00f3n medular, elegir bien el equipo de movilidad y cuidado en casa ayuda a prevenir riesgos y a mejorar la autonom\u00eda diaria en casa.\" \/>\n<meta name=\"robots\" content=\"noindex, follow\" \/>\n<meta property=\"og:locale\" content=\"en_US\" \/>\n<meta property=\"og:type\" content=\"article\" \/>\n<meta property=\"og:title\" content=\"Caso de lesi\u00f3n medular: cuidados y movilidad - Equimed El Salvador\" \/>\n<meta property=\"og:description\" content=\"Ante un caso de lesi\u00f3n medular, elegir bien el equipo de movilidad y cuidado en casa ayuda a prevenir riesgos y a mejorar la autonom\u00eda diaria en casa.\" \/>\n<meta property=\"og:url\" content=\"https:\/\/equimedsv.com\/en\/caso-lesion-medular-cuidados-movilidad\/\" \/>\n<meta property=\"og:site_name\" content=\"Equimed El Salvador\" \/>\n<meta property=\"article:publisher\" content=\"https:\/\/es-la.facebook.com\/Equimedsv\/\" \/>\n<meta property=\"article:published_time\" content=\"2026-08-31T03:48:57+00:00\" \/>\n<meta name=\"author\" content=\"a15es\" \/>\n<meta name=\"twitter:card\" content=\"summary_large_image\" \/>\n<meta name=\"twitter:creator\" content=\"@a15es\" \/>\n<meta name=\"twitter:site\" content=\"@equimedsv\" \/>\n<meta name=\"twitter:label1\" content=\"Written by\" \/>\n\t<meta name=\"twitter:data1\" content=\"a15es\" \/>\n\t<meta name=\"twitter:label2\" content=\"Est. reading time\" \/>\n\t<meta name=\"twitter:data2\" content=\"7 minutes\" \/>\n<script type=\"application\/ld+json\" class=\"yoast-schema-graph\">{\"@context\":\"https:\\\/\\\/schema.org\",\"@graph\":[{\"@type\":\"Article\",\"@id\":\"https:\\\/\\\/equimedsv.com\\\/caso-lesion-medular-cuidados-movilidad\\\/#article\",\"isPartOf\":{\"@id\":\"https:\\\/\\\/equimedsv.com\\\/caso-lesion-medular-cuidados-movilidad\\\/\"},\"author\":{\"name\":\"a15es\",\"@id\":\"https:\\\/\\\/equimedsv.com\\\/#\\\/schema\\\/person\\\/ccfc910df11d904d4851db1caff49f5c\"},\"headline\":\"Caso de lesi\u00f3n medular: cuidados y movilidad\",\"datePublished\":\"2026-08-31T03:48:57+00:00\",\"mainEntityOfPage\":{\"@id\":\"https:\\\/\\\/equimedsv.com\\\/caso-lesion-medular-cuidados-movilidad\\\/\"},\"wordCount\":1455,\"commentCount\":0,\"publisher\":{\"@id\":\"https:\\\/\\\/equimedsv.com\\\/#organization\"},\"image\":{\"@id\":\"https:\\\/\\\/equimedsv.com\\\/caso-lesion-medular-cuidados-movilidad\\\/#primaryimage\"},\"thumbnailUrl\":\"https:\\\/\\\/equimedsv.com\\\/wp-content\\\/uploads\\\/2026\\\/08\\\/caso-de-lesion-medular-cuidados-y-movilidad-featured.webp\",\"articleSection\":[\"Blog\"],\"inLanguage\":\"en-US\",\"potentialAction\":[{\"@type\":\"CommentAction\",\"name\":\"Comment\",\"target\":[\"https:\\\/\\\/equimedsv.com\\\/caso-lesion-medular-cuidados-movilidad\\\/#respond\"]}]},{\"@type\":\"WebPage\",\"@id\":\"https:\\\/\\\/equimedsv.com\\\/caso-lesion-medular-cuidados-movilidad\\\/\",\"url\":\"https:\\\/\\\/equimedsv.com\\\/caso-lesion-medular-cuidados-movilidad\\\/\",\"name\":\"Caso de lesi\u00f3n medular: cuidados y movilidad - Equimed El Salvador\",\"isPartOf\":{\"@id\":\"https:\\\/\\\/equimedsv.com\\\/#website\"},\"primaryImageOfPage\":{\"@id\":\"https:\\\/\\\/equimedsv.com\\\/caso-lesion-medular-cuidados-movilidad\\\/#primaryimage\"},\"image\":{\"@id\":\"https:\\\/\\\/equimedsv.com\\\/caso-lesion-medular-cuidados-movilidad\\\/#primaryimage\"},\"thumbnailUrl\":\"https:\\\/\\\/equimedsv.com\\\/wp-content\\\/uploads\\\/2026\\\/08\\\/caso-de-lesion-medular-cuidados-y-movilidad-featured.webp\",\"datePublished\":\"2026-08-31T03:48:57+00:00\",\"description\":\"Ante un caso de lesi\u00f3n medular, elegir bien el equipo de movilidad y cuidado en casa ayuda a prevenir riesgos y a mejorar la autonom\u00eda diaria en casa.\",\"breadcrumb\":{\"@id\":\"https:\\\/\\\/equimedsv.com\\\/caso-lesion-medular-cuidados-movilidad\\\/#breadcrumb\"},\"inLanguage\":\"en-US\",\"potentialAction\":[{\"@type\":\"ReadAction\",\"target\":[\"https:\\\/\\\/equimedsv.com\\\/caso-lesion-medular-cuidados-movilidad\\\/\"]}]},{\"@type\":\"ImageObject\",\"inLanguage\":\"en-US\",\"@id\":\"https:\\\/\\\/equimedsv.com\\\/caso-lesion-medular-cuidados-movilidad\\\/#primaryimage\",\"url\":\"https:\\\/\\\/equimedsv.com\\\/wp-content\\\/uploads\\\/2026\\\/08\\\/caso-de-lesion-medular-cuidados-y-movilidad-featured.webp\",\"contentUrl\":\"https:\\\/\\\/equimedsv.com\\\/wp-content\\\/uploads\\\/2026\\\/08\\\/caso-de-lesion-medular-cuidados-y-movilidad-featured.webp\",\"width\":1536,\"height\":1024,\"caption\":\"Caso de lesi\u00f3n medular: cuidados y movilidad\"},{\"@type\":\"BreadcrumbList\",\"@id\":\"https:\\\/\\\/equimedsv.com\\\/caso-lesion-medular-cuidados-movilidad\\\/#breadcrumb\",\"itemListElement\":[{\"@type\":\"ListItem\",\"position\":1,\"name\":\"Portada\",\"item\":\"https:\\\/\\\/equimedsv.com\\\/\"},{\"@type\":\"ListItem\",\"position\":2,\"name\":\"Caso de lesi\u00f3n medular: cuidados y movilidad\"}]},{\"@type\":\"WebSite\",\"@id\":\"https:\\\/\\\/equimedsv.com\\\/#website\",\"url\":\"https:\\\/\\\/equimedsv.com\\\/\",\"name\":\"Equimed El Salvador\",\"description\":\"Distribuci\u00f3n, Venta y Reparaci\u00f3n de Equipos M\u00e9dicos y Hospitalario\",\"publisher\":{\"@id\":\"https:\\\/\\\/equimedsv.com\\\/#organization\"},\"potentialAction\":[{\"@type\":\"SearchAction\",\"target\":{\"@type\":\"EntryPoint\",\"urlTemplate\":\"https:\\\/\\\/equimedsv.com\\\/?s={search_term_string}\"},\"query-input\":{\"@type\":\"PropertyValueSpecification\",\"valueRequired\":true,\"valueName\":\"search_term_string\"}}],\"inLanguage\":\"en-US\"},{\"@type\":\"Organization\",\"@id\":\"https:\\\/\\\/equimedsv.com\\\/#organization\",\"name\":\"Equimed El Salvador\",\"url\":\"https:\\\/\\\/equimedsv.com\\\/\",\"logo\":{\"@type\":\"ImageObject\",\"inLanguage\":\"en-US\",\"@id\":\"https:\\\/\\\/equimedsv.com\\\/#\\\/schema\\\/logo\\\/image\\\/\",\"url\":\"https:\\\/\\\/equimedsv.com\\\/wp-content\\\/uploads\\\/2021\\\/10\\\/Logo-equimed-actual.png\",\"contentUrl\":\"https:\\\/\\\/equimedsv.com\\\/wp-content\\\/uploads\\\/2021\\\/10\\\/Logo-equimed-actual.png\",\"width\":3426,\"height\":731,\"caption\":\"Equimed El Salvador\"},\"image\":{\"@id\":\"https:\\\/\\\/equimedsv.com\\\/#\\\/schema\\\/logo\\\/image\\\/\"},\"sameAs\":[\"https:\\\/\\\/es-la.facebook.com\\\/Equimedsv\\\/\",\"https:\\\/\\\/x.com\\\/equimedsv\",\"https:\\\/\\\/www.instagram.com\\\/equimed_sv\\\/\"]},{\"@type\":\"Person\",\"@id\":\"https:\\\/\\\/equimedsv.com\\\/#\\\/schema\\\/person\\\/ccfc910df11d904d4851db1caff49f5c\",\"name\":\"a15es\",\"image\":{\"@type\":\"ImageObject\",\"inLanguage\":\"en-US\",\"@id\":\"https:\\\/\\\/secure.gravatar.com\\\/avatar\\\/d73469cc1306997a88e59647048e37a9c765652c2dd34430aa873c9983701be0?s=96&d=mm&r=g\",\"url\":\"https:\\\/\\\/secure.gravatar.com\\\/avatar\\\/d73469cc1306997a88e59647048e37a9c765652c2dd34430aa873c9983701be0?s=96&d=mm&r=g\",\"contentUrl\":\"https:\\\/\\\/secure.gravatar.com\\\/avatar\\\/d73469cc1306997a88e59647048e37a9c765652c2dd34430aa873c9983701be0?s=96&d=mm&r=g\",\"caption\":\"a15es\"},\"sameAs\":[\"https:\\\/\\\/equimedsv.com\",\"https:\\\/\\\/x.com\\\/a15es\"]}]}<\/script>\n<!-- \/ Yoast SEO plugin. -->","yoast_head_json":{"title":"Caso de lesi\u00f3n medular: cuidados y movilidad - Equimed El Salvador","description":"Ante un caso de lesi\u00f3n medular, elegir bien el equipo de movilidad y cuidado en casa ayuda a prevenir riesgos y a mejorar la autonom\u00eda diaria en casa.","robots":{"index":"noindex","follow":"follow"},"og_locale":"en_US","og_type":"article","og_title":"Caso de lesi\u00f3n medular: cuidados y movilidad - Equimed El Salvador","og_description":"Ante un caso de lesi\u00f3n medular, elegir bien el equipo de movilidad y cuidado en casa ayuda a prevenir riesgos y a mejorar la autonom\u00eda diaria en casa.","og_url":"https:\/\/equimedsv.com\/en\/caso-lesion-medular-cuidados-movilidad\/","og_site_name":"Equimed El Salvador","article_publisher":"https:\/\/es-la.facebook.com\/Equimedsv\/","article_published_time":"2026-08-31T03:48:57+00:00","author":"a15es","twitter_card":"summary_large_image","twitter_creator":"@a15es","twitter_site":"@equimedsv","twitter_misc":{"Written by":"a15es","Est. reading time":"7 minutes"},"schema":{"@context":"https:\/\/schema.org","@graph":[{"@type":"Article","@id":"https:\/\/equimedsv.com\/caso-lesion-medular-cuidados-movilidad\/#article","isPartOf":{"@id":"https:\/\/equimedsv.com\/caso-lesion-medular-cuidados-movilidad\/"},"author":{"name":"a15es","@id":"https:\/\/equimedsv.com\/#\/schema\/person\/ccfc910df11d904d4851db1caff49f5c"},"headline":"Caso de lesi\u00f3n medular: cuidados y movilidad","datePublished":"2026-08-31T03:48:57+00:00","mainEntityOfPage":{"@id":"https:\/\/equimedsv.com\/caso-lesion-medular-cuidados-movilidad\/"},"wordCount":1455,"commentCount":0,"publisher":{"@id":"https:\/\/equimedsv.com\/#organization"},"image":{"@id":"https:\/\/equimedsv.com\/caso-lesion-medular-cuidados-movilidad\/#primaryimage"},"thumbnailUrl":"https:\/\/equimedsv.com\/wp-content\/uploads\/2026\/08\/caso-de-lesion-medular-cuidados-y-movilidad-featured.webp","articleSection":["Blog"],"inLanguage":"en-US","potentialAction":[{"@type":"CommentAction","name":"Comment","target":["https:\/\/equimedsv.com\/caso-lesion-medular-cuidados-movilidad\/#respond"]}]},{"@type":"WebPage","@id":"https:\/\/equimedsv.com\/caso-lesion-medular-cuidados-movilidad\/","url":"https:\/\/equimedsv.com\/caso-lesion-medular-cuidados-movilidad\/","name":"Caso de lesi\u00f3n medular: cuidados y movilidad - Equimed El Salvador","isPartOf":{"@id":"https:\/\/equimedsv.com\/#website"},"primaryImageOfPage":{"@id":"https:\/\/equimedsv.com\/caso-lesion-medular-cuidados-movilidad\/#primaryimage"},"image":{"@id":"https:\/\/equimedsv.com\/caso-lesion-medular-cuidados-movilidad\/#primaryimage"},"thumbnailUrl":"https:\/\/equimedsv.com\/wp-content\/uploads\/2026\/08\/caso-de-lesion-medular-cuidados-y-movilidad-featured.webp","datePublished":"2026-08-31T03:48:57+00:00","description":"Ante un caso de lesi\u00f3n medular, elegir bien el equipo de movilidad y cuidado en casa ayuda a prevenir riesgos y a mejorar la autonom\u00eda diaria en casa.","breadcrumb":{"@id":"https:\/\/equimedsv.com\/caso-lesion-medular-cuidados-movilidad\/#breadcrumb"},"inLanguage":"en-US","potentialAction":[{"@type":"ReadAction","target":["https:\/\/equimedsv.com\/caso-lesion-medular-cuidados-movilidad\/"]}]},{"@type":"ImageObject","inLanguage":"en-US","@id":"https:\/\/equimedsv.com\/caso-lesion-medular-cuidados-movilidad\/#primaryimage","url":"https:\/\/equimedsv.com\/wp-content\/uploads\/2026\/08\/caso-de-lesion-medular-cuidados-y-movilidad-featured.webp","contentUrl":"https:\/\/equimedsv.com\/wp-content\/uploads\/2026\/08\/caso-de-lesion-medular-cuidados-y-movilidad-featured.webp","width":1536,"height":1024,"caption":"Caso de lesi\u00f3n medular: cuidados y movilidad"},{"@type":"BreadcrumbList","@id":"https:\/\/equimedsv.com\/caso-lesion-medular-cuidados-movilidad\/#breadcrumb","itemListElement":[{"@type":"ListItem","position":1,"name":"Portada","item":"https:\/\/equimedsv.com\/"},{"@type":"ListItem","position":2,"name":"Caso de lesi\u00f3n medular: cuidados y movilidad"}]},{"@type":"WebSite","@id":"https:\/\/equimedsv.com\/#website","url":"https:\/\/equimedsv.com\/","name":"Equimed El Salvador","description":"Distribuci\u00f3n, Venta y Reparaci\u00f3n de Equipos M\u00e9dicos y Hospitalario","publisher":{"@id":"https:\/\/equimedsv.com\/#organization"},"potentialAction":[{"@type":"SearchAction","target":{"@type":"EntryPoint","urlTemplate":"https:\/\/equimedsv.com\/?s={search_term_string}"},"query-input":{"@type":"PropertyValueSpecification","valueRequired":true,"valueName":"search_term_string"}}],"inLanguage":"en-US"},{"@type":"Organization","@id":"https:\/\/equimedsv.com\/#organization","name":"Equimed El Salvador","url":"https:\/\/equimedsv.com\/","logo":{"@type":"ImageObject","inLanguage":"en-US","@id":"https:\/\/equimedsv.com\/#\/schema\/logo\/image\/","url":"https:\/\/equimedsv.com\/wp-content\/uploads\/2021\/10\/Logo-equimed-actual.png","contentUrl":"https:\/\/equimedsv.com\/wp-content\/uploads\/2021\/10\/Logo-equimed-actual.png","width":3426,"height":731,"caption":"Equimed El Salvador"},"image":{"@id":"https:\/\/equimedsv.com\/#\/schema\/logo\/image\/"},"sameAs":["https:\/\/es-la.facebook.com\/Equimedsv\/","https:\/\/x.com\/equimedsv","https:\/\/www.instagram.com\/equimed_sv\/"]},{"@type":"Person","@id":"https:\/\/equimedsv.com\/#\/schema\/person\/ccfc910df11d904d4851db1caff49f5c","name":"a15es","image":{"@type":"ImageObject","inLanguage":"en-US","@id":"https:\/\/secure.gravatar.com\/avatar\/d73469cc1306997a88e59647048e37a9c765652c2dd34430aa873c9983701be0?s=96&d=mm&r=g","url":"https:\/\/secure.gravatar.com\/avatar\/d73469cc1306997a88e59647048e37a9c765652c2dd34430aa873c9983701be0?s=96&d=mm&r=g","contentUrl":"https:\/\/secure.gravatar.com\/avatar\/d73469cc1306997a88e59647048e37a9c765652c2dd34430aa873c9983701be0?s=96&d=mm&r=g","caption":"a15es"},"sameAs":["https:\/\/equimedsv.com","https:\/\/x.com\/a15es"]}]}},"_links":{"self":[{"href":"https:\/\/equimedsv.com\/en\/wp-json\/wp\/v2\/posts\/17416","targetHints":{"allow":["GET"]}}],"collection":[{"href":"https:\/\/equimedsv.com\/en\/wp-json\/wp\/v2\/posts"}],"about":[{"href":"https:\/\/equimedsv.com\/en\/wp-json\/wp\/v2\/types\/post"}],"author":[{"embeddable":true,"href":"https:\/\/equimedsv.com\/en\/wp-json\/wp\/v2\/users\/1"}],"replies":[{"embeddable":true,"href":"https:\/\/equimedsv.com\/en\/wp-json\/wp\/v2\/comments?post=17416"}],"version-history":[{"count":0,"href":"https:\/\/equimedsv.com\/en\/wp-json\/wp\/v2\/posts\/17416\/revisions"}],"wp:featuredmedia":[{"embeddable":true,"href":"https:\/\/equimedsv.com\/en\/wp-json\/wp\/v2\/media\/17417"}],"wp:attachment":[{"href":"https:\/\/equimedsv.com\/en\/wp-json\/wp\/v2\/media?parent=17416"}],"wp:term":[{"taxonomy":"category","embeddable":true,"href":"https:\/\/equimedsv.com\/en\/wp-json\/wp\/v2\/categories?post=17416"},{"taxonomy":"post_tag","embeddable":true,"href":"https:\/\/equimedsv.com\/en\/wp-json\/wp\/v2\/tags?post=17416"}],"curies":[{"name":"wp","href":"https:\/\/api.w.org\/{rel}","templated":true}]}}